{"id":1159,"date":"2025-03-23T12:49:52","date_gmt":"2025-03-23T12:49:52","guid":{"rendered":"https:\/\/linkki-ry.fi\/?p=1159"},"modified":"2025-12-29T19:24:06","modified_gmt":"2025-12-29T19:24:06","slug":"a-insinoorit-excursio","status":"publish","type":"post","link":"https:\/\/linkki-ry.fi\/en\/a-insinoorit-excursio\/","title":{"rendered":"A-insin\u00f6\u00f6rit Excursion"},"content":{"rendered":"<p><\/p>\n\n\n\n<p><em>This excursion is held mostly in Finnish<\/em>. <em>The speeches will mostly be held in Finnish, but the presentation slides are in English<\/em>.<em> <\/em><\/p>\n\n\n\n<p><strong>Welcome to A-insin\u00f6\u00f6rit excursion!<\/strong><\/p>\n\n\n\n<p>Are you interested in transportation and spatial planning? Do you want to get to know a Finnish consulting firm from our field better? Or perhaps you want to spend the coming period with Aalto and Linkki alumni.<\/p>\n\n\n\n<p>A-insin\u00f6\u00f6rit are inviting Linkki on an excursion to their Lepp\u00e4vaara office (Bertel Jungin aukio 9, 02600 Espoo) <strong>on Monday 14.4.  at 4.00 pm<\/strong>. The event will consist of interesting presentations, good company and snacks! You don't want to miss this opportunity!<\/p>\n\n\n\n<p><strong>The registration will open on Monday 31.3. at 10.00 am. and closes on Sunday 6.4. at 11:59 pm.\u00a0<\/strong>\u00a0<\/p>\n\n\n\n<p><strong>WHAT:<\/strong> A-insin\u00f6\u00f6rit Excursion<\/p>\n\n\n\n<p><strong>WHERE:<\/strong> Bertel Jungin aukio 9, 02600 Espoo<\/p>\n\n\n\n<p><strong>WHEN: <\/strong>Mon 14.4. at 4-6 pm.<\/p>\n\n\n\n<p><strong>WHY:<\/strong> Interesting presentations and conversations with field experts and fun get-together event with Linkki people!&nbsp;&nbsp;<\/p>\n\n\n\n<p><strong>COST:<\/strong> Nothing!<\/p>","protected":false},"excerpt":{"rendered":"<p>This excursion is held mostly in Finnish. The speeches will mostly be held in Finnish, but the presentation slides are in English. Tervetuloa A-Insin\u00f6\u00f6rien excursiolle! Oletko kiinnostunut liikenteen ja maank\u00e4yt\u00f6n suunnittelusta? Haluatko tutustua yhteen alamme konsulttifirmaan paremmin? Tai kenties haluat viett\u00e4\u00e4 alkanutta jaksoa Aallon ja Linkin alumnien seurassa? A-Insin\u00f6\u00f6rit kutsuvat Linkkil\u00e4iset excursiolle Lepp\u00e4vaaran toimistolleen (Bertel [&hellip;]<\/p>\n","protected":false},"author":2,"featured_media":1178,"comment_status":"closed","ping_status":"closed","sticky":false,"template":"","format":"standard","meta":{"saved_in_kubio":false,"footnotes":""},"categories":[1],"tags":[],"class_list":["post-1159","post","type-post","status-publish","format-standard","has-post-thumbnail","hentry","category-tapahtumat"],"_links":{"self":[{"href":"https:\/\/linkki-ry.fi\/en\/wp-json\/wp\/v2\/posts\/1159","targetHints":{"allow":["GET"]}}],"collection":[{"href":"https:\/\/linkki-ry.fi\/en\/wp-json\/wp\/v2\/posts"}],"about":[{"href":"https:\/\/linkki-ry.fi\/en\/wp-json\/wp\/v2\/types\/post"}],"author":[{"embeddable":true,"href":"https:\/\/linkki-ry.fi\/en\/wp-json\/wp\/v2\/users\/2"}],"replies":[{"embeddable":true,"href":"https:\/\/linkki-ry.fi\/en\/wp-json\/wp\/v2\/comments?post=1159"}],"version-history":[{"count":19,"href":"https:\/\/linkki-ry.fi\/en\/wp-json\/wp\/v2\/posts\/1159\/revisions"}],"predecessor-version":[{"id":1420,"href":"https:\/\/linkki-ry.fi\/en\/wp-json\/wp\/v2\/posts\/1159\/revisions\/1420"}],"wp:featuredmedia":[{"embeddable":true,"href":"https:\/\/linkki-ry.fi\/en\/wp-json\/wp\/v2\/media\/1178"}],"wp:attachment":[{"href":"https:\/\/linkki-ry.fi\/en\/wp-json\/wp\/v2\/media?parent=1159"}],"wp:term":[{"taxonomy":"category","embeddable":true,"href":"https:\/\/linkki-ry.fi\/en\/wp-json\/wp\/v2\/categories?post=1159"},{"taxonomy":"post_tag","embeddable":true,"href":"https:\/\/linkki-ry.fi\/en\/wp-json\/wp\/v2\/tags?post=1159"}],"curies":[{"name":"wp","href":"https:\/\/api.w.org\/{rel}","templated":true}]}}