{"id":1225,"date":"2025-06-10T17:42:15","date_gmt":"2025-06-10T17:42:15","guid":{"rendered":"https:\/\/linkki-ry.fi\/?p=1225"},"modified":"2025-12-29T19:25:28","modified_gmt":"2025-12-29T19:25:28","slug":"linkin-pitka-2025","status":"publish","type":"post","link":"https:\/\/linkki-ry.fi\/en\/linkin-pitka-2025\/","title":{"rendered":"Linkin Pitk\u00e4 2025"},"content":{"rendered":"<p>Pitk\u00e4 \u2013 pitempi \u2013 \u2b50\ufe0f LINKIN PITK\u00c4! \u2b50\ufe0f<\/p>\n\n\n\n<p>Retkikunta varustautuu j\u00e4lleen matkaan tulevana syksyn\u00e4. \ud83c\udf41 T\u00e4n\u00e4 vuonna matkan ajankohta on ensimm\u00e4isen tenttiviikon j\u00e4lkeen, noin 20.\u201326. lokakuuta.<\/p>\n\n\n\n<p>Eri kanavissa ja kyselyiss\u00e4 tulleet toiveet on kuultu, ja n\u00e4ihin ollaan vastaamassa laajasti! Odotettavissa on niin ennenn\u00e4kem\u00e4tt\u00f6mi\u00e4 paikkoja kuin uusia yhteisty\u00f6kumppaneitakin. \ud83c\udf06 Aiempaan tapaan matka on yhdistelm\u00e4 ammatillisesti kiinnostavaa sis\u00e4lt\u00f6\u00e4 ja rentoa el\u00e4m\u00e4st\u00e4 nauttimista.<\/p>\n\n\n\n<p>Iloksemme voimme kertoa, ett\u00e4 yliopisto on luvannut halukkaille mahdollisuuden suorittaa opintopisteit\u00e4 matkan yhteydess\u00e4! \ud83e\udd13\ud83e\udd73 Alustavasti tarjolla on 2\u20133 op, mutta suoritustapa ja opintopisteiden tarkka m\u00e4\u00e4r\u00e4 t\u00e4smentyy my\u00f6hemmin. Matkalle voi ilman muuta osallistua my\u00f6s ihan vain nautiskelemalla, jos noppia ei HOPSista puutu.<\/p>\n\n\n\n<p>Matkan hinta on enint\u00e4\u00e4n 370 \u20ac, josta 70 \u20ac tulee maksaa 15.7. menness\u00e4 ja loput syyskuun alussa. \ud83d\udcb8 Hinta voi laskea sponsoritilanteen niin salliessa.<\/p>\n\n\n\n<p>Ilmoittautuminen avautuu ke 11.6. klo 18 ja sulkeutuu seuraavan viikon ke 18.6. <\/p>\n\n\n\n<p>Matkalle mahtuu mukaan ainakin 16 osallistujaa. \ud83d\udeeb Kannattaa silti ilmoittautua my\u00f6s varasijoille; osallistujam\u00e4\u00e4r\u00e4\u00e4 korotetaan, jos suinkin mahdollista.<\/p>\n\n\n\n<p>\u2728\u2728\u2728<\/p>\n\n\n\n<p>It\u2019ll soon be the time to gear up for another Linkin Pitk\u00e4 in the fall! \ud83c\udf41 This year, the trip is set to take place right after the first exam week\u2014preliminarily from 20 to 26 October. As always, the trip will be a mix of professionally interesting activities and free time to just relax and enjoy. \ud83c\udf06<\/p>\n\n\n\n<p>We\u2019re also happy to tell you that the university has promised that those who are interested can earn study credits during the trip! \ud83e\udd29 We\u2019re looking at 2\u20133 ECTS, but the exact way to earn them and the final amount will be confirmed later.<\/p>\n\n\n\n<p>The maximum cost for the trip is \u20ac370 (may go slightly down), of which \u20ac70 due by July 15th and the rest in the beginning of September. \ud83d\udcb8<\/p>\n\n\n\n<p>The registration opens on Wed 11 June at 6 pm and closes Wed 18 June<\/p>\n\n\n\n<p>There\u2019s room for at least 16 participants. \ud83d\udeeb It&#8217;s still worth signing up for the waiting list as well; the number of participants will be increased if at all possible.<\/p>","protected":false},"excerpt":{"rendered":"<p>Pitk\u00e4 \u2013 pitempi \u2013 \u2b50\ufe0f LINKIN PITK\u00c4! \u2b50\ufe0f Retkikunta varustautuu j\u00e4lleen matkaan tulevana syksyn\u00e4. \ud83c\udf41 T\u00e4n\u00e4 vuonna matkan ajankohta on ensimm\u00e4isen tenttiviikon j\u00e4lkeen, noin 20.\u201326. lokakuuta. Eri kanavissa ja kyselyiss\u00e4 tulleet toiveet on kuultu, ja n\u00e4ihin ollaan vastaamassa laajasti! Odotettavissa on niin ennenn\u00e4kem\u00e4tt\u00f6mi\u00e4 paikkoja kuin uusia yhteisty\u00f6kumppaneitakin. \ud83c\udf06 Aiempaan tapaan matka on yhdistelm\u00e4 ammatillisesti kiinnostavaa [&hellip;]<\/p>\n","protected":false},"author":1,"featured_media":1234,"comment_status":"closed","ping_status":"closed","sticky":false,"template":"","format":"standard","meta":{"saved_in_kubio":false,"footnotes":""},"categories":[1],"tags":[],"class_list":["post-1225","post","type-post","status-publish","format-standard","has-post-thumbnail","hentry","category-tapahtumat"],"_links":{"self":[{"href":"https:\/\/linkki-ry.fi\/en\/wp-json\/wp\/v2\/posts\/1225","targetHints":{"allow":["GET"]}}],"collection":[{"href":"https:\/\/linkki-ry.fi\/en\/wp-json\/wp\/v2\/posts"}],"about":[{"href":"https:\/\/linkki-ry.fi\/en\/wp-json\/wp\/v2\/types\/post"}],"author":[{"embeddable":true,"href":"https:\/\/linkki-ry.fi\/en\/wp-json\/wp\/v2\/users\/1"}],"replies":[{"embeddable":true,"href":"https:\/\/linkki-ry.fi\/en\/wp-json\/wp\/v2\/comments?post=1225"}],"version-history":[{"count":6,"href":"https:\/\/linkki-ry.fi\/en\/wp-json\/wp\/v2\/posts\/1225\/revisions"}],"predecessor-version":[{"id":1422,"href":"https:\/\/linkki-ry.fi\/en\/wp-json\/wp\/v2\/posts\/1225\/revisions\/1422"}],"wp:featuredmedia":[{"embeddable":true,"href":"https:\/\/linkki-ry.fi\/en\/wp-json\/wp\/v2\/media\/1234"}],"wp:attachment":[{"href":"https:\/\/linkki-ry.fi\/en\/wp-json\/wp\/v2\/media?parent=1225"}],"wp:term":[{"taxonomy":"category","embeddable":true,"href":"https:\/\/linkki-ry.fi\/en\/wp-json\/wp\/v2\/categories?post=1225"},{"taxonomy":"post_tag","embeddable":true,"href":"https:\/\/linkki-ry.fi\/en\/wp-json\/wp\/v2\/tags?post=1225"}],"curies":[{"name":"wp","href":"https:\/\/api.w.org\/{rel}","templated":true}]}}