{"id":775,"date":"2024-08-11T17:42:29","date_gmt":"2024-08-11T17:42:29","guid":{"rendered":"https:\/\/linkki-ry.fi\/?p=775"},"modified":"2025-01-05T13:48:37","modified_gmt":"2025-01-05T13:48:37","slug":"velofinland24","status":"publish","type":"post","link":"https:\/\/linkki-ry.fi\/en\/velofinland24\/","title":{"rendered":"VeloFinland 2024"},"content":{"rendered":"<p>Do you want to discover your inner bicycle traffic expert? Or is cycling simply your passion? Come listen to and learn from the seminar presentations and discussions of the VeloFinland seminar with other Linkki members \ud83d\udeb2<\/p>\n\n\n\n<p>This year, VeloFinland will be organized in the picturesque city of Porvoo, which will gather together the best bicycle traffic and urban planning experts from all over the country; but the seminar is also aimed at anyone interested in cycling or bicycle traffic, so there's no need to be an expert in the field \ud83d\udcdd<\/p>\n\n\n\n<p>The seminar will take place at the Taidetehdas in Porvoo (L\u00e4ntinen Aleksanterinkatu 1, Porvoo) from September 26th-27th. In addition to its extensive programme, the seminar pass includes lunches on Thursday and Friday as well as coffee. The programme is mostly in Finnish, but there are also some presentations in English.<\/p>\n\n\n\n<p>Two nights in Porvoo have been booked for Linkki members, from Wednesday to Friday. We'll be arriving in Porvoo on Wednesday evening in order to get to know the seminar city and the other attendees. Everyone interested can join Linkki's bicycle trip to Porvoo on Wednesday. We'll set off from Otaniemi, but you can also join from the Mellunm\u00e4ki metro station. The distance from Mellunm\u00e4ki to Porvoo is about 40 km. The public transport options to Porvoo are excellent and you can also arrive with your own car. The trips to the seminar are not covered by the registration fee \ud83d\ude87<\/p>\n\n\n\n<p>More detailed instructions on arriving at the seminar will be sent to the attendees \ud83c\udfe1<\/p>\n\n\n\n<p>The registration for the seminar will open on this page on Monday, August 19th at 18:00. The registration closes on Sunday, August 25th, after which the registration is binding \ud83d\udcc5<\/p>\n\n\n\n<p>There are 8 spots available in the seminar for Linkki members, of which 3 are for students who started their bachelor studies in 2023 \ud83d\udc65<\/p>\n\n\n\n<p><strong>WHAT:<\/strong> VeloFinland seminar<\/p>\n\n\n\n<p><strong>WHERE:<\/strong> Taidetehdas, Porvoo (L\u00e4ntinen Aleksanterinkatu 1)<\/p>\n\n\n\n<p><strong>WHEN:<\/strong> Wed-Fri September 25th-27th (seminar Thu-Fri September 26th-27th)<\/p>\n\n\n\n<p><strong>WHY:<\/strong> Bicycle traffic, networking and unbelievable experiences &lt;3<\/p>\n\n\n\n<p><strong>COST:<\/strong> A free seminar pass including lunches and coffee. Depending on the sponsors, the 2 nights in Porvoo are max. 62 euros. Trips to and from Porvoo are not included.<\/p>\n\n\n\n<p><strong>REGISTRATION:<\/strong> Opens on Monday, August 19th at 18:00 and closes on Sunday, August 25th at 23:59<\/p>\n\n\n\n<p><\/p>\n\n\n\n<p>If you have any questions, don\u2019t hesitate to contact <a href=\"https:\/\/t.me\/samisuninen\">@samisuninen<\/a> or <a href=\"https:\/\/t.me\/tekniikkaterho\">@tekniikkaterho<\/a> on Telegram \ud83d\udcad<\/p>\n\n\n\n<p><em>Linkki's seminar excursion sponsored in part by the Finnish Cyclists' Federation and WSP Finland Oy<\/em><\/p>\n\n\n\n<p><\/p>","protected":false},"excerpt":{"rendered":"<p>Haluatko her\u00e4tt\u00e4\u00e4 henkiin sis\u00e4isen py\u00f6r\u00e4liikenteen asiantuntijasi? Vai onko py\u00f6r\u00e4ily muuten vain intohimosi? Tule kuuntelemaan, kehittym\u00e4\u00e4n ja oppimaan alan seminaariesityksist\u00e4 ja keskusteluista VeloFinland-seminaariin rennolla porukalla yhdess\u00e4 muiden linkkil\u00e4isten kanssa.\ud83d\udeb2 VeloFinland rantautuu t\u00e4n\u00e4 vuonna kuvankauniiseen Porvooseen, joka kokoaa timanttisimmat py\u00f6r\u00e4liikenteen ja kaupunkisuunnittelun asiantuntijat kautta maan, mutta seminaari tavoittaa my\u00f6s muut py\u00f6r\u00e4ilyst\u00e4 ja py\u00f6r\u00e4matkailusta kiinnostuneet tavantallaajat, joten alan [&hellip;]<\/p>\n","protected":false},"author":2,"featured_media":778,"comment_status":"closed","ping_status":"closed","sticky":false,"template":"","format":"standard","meta":{"saved_in_kubio":false,"footnotes":""},"categories":[1],"tags":[],"class_list":["post-775","post","type-post","status-publish","format-standard","has-post-thumbnail","hentry","category-tapahtumat"],"_links":{"self":[{"href":"https:\/\/linkki-ry.fi\/en\/wp-json\/wp\/v2\/posts\/775","targetHints":{"allow":["GET"]}}],"collection":[{"href":"https:\/\/linkki-ry.fi\/en\/wp-json\/wp\/v2\/posts"}],"about":[{"href":"https:\/\/linkki-ry.fi\/en\/wp-json\/wp\/v2\/types\/post"}],"author":[{"embeddable":true,"href":"https:\/\/linkki-ry.fi\/en\/wp-json\/wp\/v2\/users\/2"}],"replies":[{"embeddable":true,"href":"https:\/\/linkki-ry.fi\/en\/wp-json\/wp\/v2\/comments?post=775"}],"version-history":[{"count":17,"href":"https:\/\/linkki-ry.fi\/en\/wp-json\/wp\/v2\/posts\/775\/revisions"}],"predecessor-version":[{"id":1018,"href":"https:\/\/linkki-ry.fi\/en\/wp-json\/wp\/v2\/posts\/775\/revisions\/1018"}],"wp:featuredmedia":[{"embeddable":true,"href":"https:\/\/linkki-ry.fi\/en\/wp-json\/wp\/v2\/media\/778"}],"wp:attachment":[{"href":"https:\/\/linkki-ry.fi\/en\/wp-json\/wp\/v2\/media?parent=775"}],"wp:term":[{"taxonomy":"category","embeddable":true,"href":"https:\/\/linkki-ry.fi\/en\/wp-json\/wp\/v2\/categories?post=775"},{"taxonomy":"post_tag","embeddable":true,"href":"https:\/\/linkki-ry.fi\/en\/wp-json\/wp\/v2\/tags?post=775"}],"curies":[{"name":"wp","href":"https:\/\/api.w.org\/{rel}","templated":true}]}}