{"id":825,"date":"2024-09-09T15:45:38","date_gmt":"2024-09-09T15:45:38","guid":{"rendered":"https:\/\/linkki-ry.fi\/?p=825"},"modified":"2024-09-09T15:45:38","modified_gmt":"2024-09-09T15:45:38","slug":"pizzakaljasitsit-24","status":"publish","type":"post","link":"https:\/\/linkki-ry.fi\/en\/pizzakaljasitsit-24\/","title":{"rendered":"Pizza-Beer-Sitz 2024"},"content":{"rendered":"<p>Linkki\u2019s legendary Pizza-Beer-Sitz is here again! This combination of pizza, beer and good company has always been a great success!<\/p>\n\n\n\n<p>The registration starts on Monday, September 16th at 14:00 for Linkki members (non-members on Tuesday, September 17th at 14:00). The dresscode will be overalls (or other allowed pieces of clothes if overalls haven\u2019t found their way to your wardrobe yet) and the location will be the legendary Servin M\u00f6kki.<\/p>\n\n\n\n<p><strong>WHAT: <\/strong>Pizza-Beer-Sitz by Linkki<\/p>\n\n\n\n<p><strong>WHERE: <\/strong>Servin M\u00f6kki, J\u00e4mer\u00e4ntaival 4, Espoo<\/p>\n\n\n\n<p><strong>WHEN: <\/strong>Sunday 29.9., doors open at 17:30, first song at 18:00<\/p>\n\n\n\n<p><strong>WHY: <\/strong>The holy trinity of pizza, beer and sitz w\/ friends<\/p>\n\n\n\n<p><strong>DC: <\/strong>Overalls (or the clothes you\u2019d wear on a hangover day if you have not gotten overalls yet)<\/p>\n\n\n\n<p><strong>REGISTRATION: <\/strong>Starts on <a href=\"https:\/\/kide.app\/events\/eece09bf-b306-437d-aab8-1065ef7d3c04\">this KideApp page<\/a> on Monday 16.9. at 14:00 for Linkki members, Tuesday 17.9. at 14:00 for non-members, closes on Thursday 19.9. at 23:55.<\/p>\n\n\n\n<p><strong>PRICES:<\/strong>(includes the legendary overall badge!!)<\/p>\n\n\n\n<ul class=\"wp-block-list\">\n<li>Linkki-member, 16 \u20ac<\/li>\n\n\n\n<li>Non-member, 19 \u20ac (Linkki membership costs 8 \u20ac for non-freshman, valid for 2 years)<\/li>\n<\/ul>\n\n\n\n<p>This event is sponsored in part by RIL and FLOU.<\/p>\n\n\n\n<p>See you at the sitz!<\/p>\n\n\n\n<p>\ud83c\udf55\ud83c\udf7b<\/p>","protected":false},"excerpt":{"rendered":"<p>Linkin legendaariset Pizzakaljasitsit ovat j\u00e4lleen t\u00e4\u00e4ll\u00e4! On taas aika nauttia huikeasta yhdistelm\u00e4st\u00e4, eli pizzasta, kaljasta ja hyv\u00e4st\u00e4 seurasta! N\u00e4iden legendaaristen sitsien liput revit\u00e4\u00e4n k\u00e4sist\u00e4, joten ole valmiina maanantaina 16.9. kun ilmoittautuminen aukeaa klo 14 Linkin j\u00e4senille (muille 17.9. klo 14). Pukukoodina toimii j\u00e4lleen haalarit (tai muu sallittu vaatetus, mik\u00e4li haalareita ei viel\u00e4 l\u00f6ydy) ja sitsitilana, [&hellip;]<\/p>\n","protected":false},"author":2,"featured_media":831,"comment_status":"closed","ping_status":"closed","sticky":false,"template":"","format":"standard","meta":{"saved_in_kubio":false,"footnotes":""},"categories":[1],"tags":[],"class_list":["post-825","post","type-post","status-publish","format-standard","has-post-thumbnail","hentry","category-tapahtumat"],"_links":{"self":[{"href":"https:\/\/linkki-ry.fi\/en\/wp-json\/wp\/v2\/posts\/825","targetHints":{"allow":["GET"]}}],"collection":[{"href":"https:\/\/linkki-ry.fi\/en\/wp-json\/wp\/v2\/posts"}],"about":[{"href":"https:\/\/linkki-ry.fi\/en\/wp-json\/wp\/v2\/types\/post"}],"author":[{"embeddable":true,"href":"https:\/\/linkki-ry.fi\/en\/wp-json\/wp\/v2\/users\/2"}],"replies":[{"embeddable":true,"href":"https:\/\/linkki-ry.fi\/en\/wp-json\/wp\/v2\/comments?post=825"}],"version-history":[{"count":4,"href":"https:\/\/linkki-ry.fi\/en\/wp-json\/wp\/v2\/posts\/825\/revisions"}],"predecessor-version":[{"id":830,"href":"https:\/\/linkki-ry.fi\/en\/wp-json\/wp\/v2\/posts\/825\/revisions\/830"}],"wp:featuredmedia":[{"embeddable":true,"href":"https:\/\/linkki-ry.fi\/en\/wp-json\/wp\/v2\/media\/831"}],"wp:attachment":[{"href":"https:\/\/linkki-ry.fi\/en\/wp-json\/wp\/v2\/media?parent=825"}],"wp:term":[{"taxonomy":"category","embeddable":true,"href":"https:\/\/linkki-ry.fi\/en\/wp-json\/wp\/v2\/categories?post=825"},{"taxonomy":"post_tag","embeddable":true,"href":"https:\/\/linkki-ry.fi\/en\/wp-json\/wp\/v2\/tags?post=825"}],"curies":[{"name":"wp","href":"https:\/\/api.w.org\/{rel}","templated":true}]}}