{"id":868,"date":"2024-10-13T20:46:32","date_gmt":"2024-10-13T20:46:32","guid":{"rendered":"https:\/\/linkki-ry.fi\/?p=868"},"modified":"2025-01-05T13:47:30","modified_gmt":"2025-01-05T13:47:30","slug":"lap-2024","status":"publish","type":"post","link":"https:\/\/linkki-ry.fi\/en\/lap-2024\/","title":{"rendered":"Transport Academy Day (Liikenneakatemiap\u00e4iv\u00e4) 2024"},"content":{"rendered":"<p>Liikenneakatemiap\u00e4iv\u00e4 (Transport Academy Day) is Linkki's own seminar event, where we get to hear interesting presentations from various actors in our field. The event also offers good opportunities to network and meet other students interested in transport and land use. Our theme this year is <strong>Active mobility as part of sustainable urban development<\/strong>. This year we will have presentations in both Finnish and English. More information about the presentations and the timetable will be added to the website shortly.&nbsp;<\/p>\n\n\n\n<p><strong>Participation in the event is free for Linkki members.<\/strong> The participation fee for alumni members is 15 euros.<\/p>\n\n\n\n<p>This year\u2019s presenters are from the following organizations:<\/p>\n\n\n\n<ul class=\"wp-block-list\">\n<li>Sweco<\/li>\n\n\n\n<li>WSP<\/li>\n\n\n\n<li>Flou<\/li>\n\n\n\n<li>City of Helsinki<\/li>\n\n\n\n<li>Aalto University<\/li>\n<\/ul>\n\n\n\n<p>The event will take place on <strong>Wednesday 30.10. in Konetalo, hall 213a from 14:00-18:00<\/strong>, after which the event will continue at Rantasauna for the afterparty. In order to estimate the food and drinks required, we ask participants to register in advance. This year there are 50 spots available.<\/p>\n\n\n\n<p>Registration starts on Wed 16.10. at 16:00 and ends on Wed 23.10. at 16:00.&nbsp;<\/p>\n\n\n\n<p><\/p>","protected":false},"excerpt":{"rendered":"<p>Liikenneakatemiap\u00e4iv\u00e4 on Linkin oma seminaaritapahtuma, jossa p\u00e4\u00e4semme kuulemaan mielenkiintoisia puheenvuoroja alamme toimijoilta. Tapahtumassa on my\u00f6s hyv\u00e4t mahdollisuudet verkostoitua ja tavata muita liikenteest\u00e4 ja maank\u00e4yt\u00f6st\u00e4 kiinnostuneita opiskelijoita. T\u00e4m\u00e4n vuoden teemamme on Aktiiviset kulkumuodot osana kest\u00e4v\u00e4\u00e4 kaupunkikehityst\u00e4. Puheita on t\u00e4n\u00e4 vuonna sek\u00e4 suomeksi ett\u00e4 englanniksi. Lis\u00e4tiedot puheista ja aikataulu lis\u00e4t\u00e4\u00e4n verkkosivuille tuota pikaa.&nbsp; Varsinaisille j\u00e4senille tapahtuma on [&hellip;]<\/p>\n","protected":false},"author":2,"featured_media":872,"comment_status":"closed","ping_status":"closed","sticky":false,"template":"","format":"standard","meta":{"saved_in_kubio":false,"footnotes":""},"categories":[1],"tags":[],"class_list":["post-868","post","type-post","status-publish","format-standard","has-post-thumbnail","hentry","category-tapahtumat"],"_links":{"self":[{"href":"https:\/\/linkki-ry.fi\/en\/wp-json\/wp\/v2\/posts\/868","targetHints":{"allow":["GET"]}}],"collection":[{"href":"https:\/\/linkki-ry.fi\/en\/wp-json\/wp\/v2\/posts"}],"about":[{"href":"https:\/\/linkki-ry.fi\/en\/wp-json\/wp\/v2\/types\/post"}],"author":[{"embeddable":true,"href":"https:\/\/linkki-ry.fi\/en\/wp-json\/wp\/v2\/users\/2"}],"replies":[{"embeddable":true,"href":"https:\/\/linkki-ry.fi\/en\/wp-json\/wp\/v2\/comments?post=868"}],"version-history":[{"count":8,"href":"https:\/\/linkki-ry.fi\/en\/wp-json\/wp\/v2\/posts\/868\/revisions"}],"predecessor-version":[{"id":1015,"href":"https:\/\/linkki-ry.fi\/en\/wp-json\/wp\/v2\/posts\/868\/revisions\/1015"}],"wp:featuredmedia":[{"embeddable":true,"href":"https:\/\/linkki-ry.fi\/en\/wp-json\/wp\/v2\/media\/872"}],"wp:attachment":[{"href":"https:\/\/linkki-ry.fi\/en\/wp-json\/wp\/v2\/media?parent=868"}],"wp:term":[{"taxonomy":"category","embeddable":true,"href":"https:\/\/linkki-ry.fi\/en\/wp-json\/wp\/v2\/categories?post=868"},{"taxonomy":"post_tag","embeddable":true,"href":"https:\/\/linkki-ry.fi\/en\/wp-json\/wp\/v2\/tags?post=868"}],"curies":[{"name":"wp","href":"https:\/\/api.w.org\/{rel}","templated":true}]}}